{"id":377,"date":"2014-12-31T13:57:50","date_gmt":"2014-12-31T12:57:50","guid":{"rendered":"http:\/\/patimenssanaincorporesano.com\/?p=377"},"modified":"2016-05-02T10:40:34","modified_gmt":"2016-05-02T08:40:34","slug":"historias-de-navidad-3-el-angel-de-la-calle-muntaner","status":"publish","type":"post","link":"https:\/\/diatradisson.com\/mens-sana-in-corpore-sano\/2014\/12\/31\/historias-de-navidad-3-el-angel-de-la-calle-muntaner\/","title":{"rendered":"Historias de Navidad 3: \u00abEl \u00e1ngel de la calle Muntaner\u00bb"},"content":{"rendered":"<p style=\"text-align: justify;\">Cuando entrabas en ese piso era como si los a\u00f1os hubieran vuelto atr\u00e1s y hubi\u00e9ramos retrocedido hasta los a\u00f1os 60: una cocina vieja y remendada en la que las baldosas antiguas hab\u00edan ido cayendo una a una, unos muebles viejos y gastados, unas cortinas de terciopelo oscuras y polvorientas, un escaparate viejo lleno de vidrio viejo y cansado &#8230;. era como si el reloj se hubiera parado a 1965 a pesar de ser el a\u00f1o 2013.<\/p>\n<p style=\"text-align: justify;\">La persona que viv\u00eda, mi amiga Nuria, era mucho m\u00e1s vieja aun que los muebles (ten\u00eda 93 a\u00f1os) y una caracter\u00edstica f\u00edsica notoria: la artrosis en todos los huesos de la espalda le hab\u00eda ido dejando peque\u00f1a, consumida y curvada hacia un lado. Ella misma bromeaba cuando hablaba de su cuerpo: &#8216;parezco realmente como un gran signo de interrogaci\u00f3n&#8217;. Pero lo dec\u00eda siempre con una sonrisa abierta y sincera, la misma con que me recib\u00eda cada mes cuando iba a llevarle alimentos.<\/p>\n<p style=\"text-align: justify;\">Si, N\u00faria era una de las primeras usuarias de nuestro servicio de distribuci\u00f3n de alimentos, un servicio que quer\u00eda ayudar un poco, de forma humilde y sin pretensiones, a personas del barrio que estuvieran en grandes dificultades econ\u00f3micas. Nuria ten\u00eda una pensi\u00f3n de 450 \u20ac al mes con los que pagaba un alquiler antiguo, los suministros y poco m\u00e1s. Se ayudaba ella misma cosiendo para todos los amigos, vecinos y familiares que pod\u00eda. Pero no pod\u00eda hacer otra cosa que encerrarse en su piso, coser y ver la tele. Ni el dinero ni su estado de salud le permit\u00edan otra cosa. Nuria era uno de tantos casos de personas mayores que malviv\u00edan en barrios acomodados en una situaci\u00f3n de absoluta miseria.<\/p>\n<p style=\"text-align: justify;\">A pesar de todo, yo siempre esperaba con ilusi\u00f3n las visitas regulares que hac\u00eda en su casa para llevarla le los alimentos: siempre me recib\u00eda con una gran sonrisa, me invitaba a un caf\u00e9 y pas\u00e1bamos un rato hablando de pol\u00edtica, que le gustaba much\u00edsimo. Tantas horas de tele daban para seguir la actualidad y tener opini\u00f3n fundamentada de muchos temas. Eran encuentros agradables, alegres incluso en que compart\u00edamos un poco de tiempo y acogida mutua.<\/p>\n<p style=\"text-align: justify;\">Nuria viv\u00eda dedicada a dos cosas: su \u00fanico sobrino, un hombre de casi 50 a\u00f1os con grandes dificultades econ\u00f3micas como ella ya una tarea importante que le llevaba varios meses del a\u00f1o. Cada Navidad, N\u00faria organizaba una comida en su casa donde miraba que ni faltara de nada, ni comida ,ni besos ni obsequios que ella misma preparaba. Ella dec\u00eda que la Navidad era para poder compartir un poco de bondad con los otros, con los que no ten\u00edan tanta suerte como nosotros! Y por eso, cada a\u00f1o, los asistentes a la comida de Navidad eran diferentes: su &#8216;familia&#8217; navide\u00f1a eran personas cercanas o que hubiera conocido durante el a\u00f1o, que estuvieran en situaci\u00f3n a\u00fan m\u00e1s dif\u00edcil que la suya. En esa mesa se sentaron inmigrantes sin techo, alcoh\u00f3licos, heroin\u00f3manos, personas con trastornos de personalidad, personas con trastorno bipolar o simplemente pobres, a\u00fan m\u00e1s pobres que ella. Se sent\u00eda con la obligaci\u00f3n de acoger aquellos que no ten\u00edan ni casa o que su vida era a\u00fan m\u00e1s ruinosa que vivir encerrada en un piso de la calle Muntaner.<\/p>\n<p style=\"text-align: justify;\">Y lo explicaba con una sencillez que te borraba inmediatamente la incomodidad e incluso el miedo de compartir mesa y fiesta con gente tan diversa y con tantos problemas. Todo era tan natural que parec\u00eda evidente que lo ten\u00eda que hacer para ser un poco feliz y hacer felices a los dem\u00e1s.<\/p>\n<p style=\"text-align: justify;\">Yo conoc\u00ed Nuria en 2009 y viv\u00ed de forma intensa la cr\u00f3nica de aquellos comidas cuando me explicaba qu\u00e9 hab\u00eda pasado, como hab\u00eda ido y que hab\u00edan comido. El a\u00f1o 2013, N\u00faria<\/p>\n<p style=\"text-align: justify;\">se fue &#8230;. con el mismo silencio con que viv\u00eda, con la misma discreci\u00f3n con que soportaba su particular situaci\u00f3n. No pude ni despedirme, pero si pude hablar un momento por tel\u00e9fono con su sobrino que me dijo que N\u00faria era como un \u00e1ngel, con forma de interrogante.<\/p>\n<p style=\"text-align: justify;\">Nuria viene a menudo a mi mente, su sonrisa, su cuerpo fr\u00e1gil y deformado, el olor del caf\u00e9 reci\u00e9n hecho cuando llegaba con el carro de alimentos. Tambi\u00e9n en Navidad cuando, se supone, debemos tratar de pensar todav\u00eda un poco m\u00e1s con los que &#8216;no tienen tanta suerte como nosotros&#8217; (seg\u00fan las palabras de la misma Nuria).<\/p>\n<p style=\"text-align: justify;\">Por eso me ha parecido oportuno bautizarla como &#8216;el \u00e1ngel de la calle Muntaner&#8217;.<\/p>\n<p style=\"text-align: justify;\">Escrito por Llluis Rissech<\/p>\n<p style=\"text-align: justify;\"><a href=\"https:\/\/diatradisson.com\/mens-sana-in-corpore-sano\/wp-content\/uploads\/sites\/4\/2014\/12\/estrella.jpg\"><img decoding=\"async\" loading=\"lazy\" class=\"aligncenter size-medium wp-image-379\" src=\"https:\/\/diatradisson.com\/mens-sana-in-corpore-sano\/wp-content\/uploads\/sites\/4\/2014\/12\/estrella.jpg?w=300\" alt=\"estrella\" width=\"300\" height=\"225\" srcset=\"https:\/\/diatradisson.com\/mens-sana-in-corpore-sano\/wp-content\/uploads\/sites\/4\/2014\/12\/estrella.jpg 1024w, https:\/\/diatradisson.com\/mens-sana-in-corpore-sano\/wp-content\/uploads\/sites\/4\/2014\/12\/estrella-300x225.jpg 300w\" sizes=\"(max-width: 300px) 100vw, 300px\" \/><\/a><\/p>\n<p style=\"text-align: justify;\">\n","protected":false},"excerpt":{"rendered":"<p>Cuando entrabas en ese piso era como si los a\u00f1os hubieran vuelto atr\u00e1s y hubi\u00e9ramos retrocedido hasta los a\u00f1os 60: una cocina vieja y remendada en la que las baldosas antiguas hab\u00edan ido cayendo una a una, unos muebles viejos y gastados, unas cortinas de terciopelo oscuras y polvorientas, un escaparate viejo lleno de vidrio&#8230; <a class=\"moretag\" href=\"https:\/\/diatradisson.com\/mens-sana-in-corpore-sano\/2014\/12\/31\/historias-de-navidad-3-el-angel-de-la-calle-muntaner\/\" title=\"Historias de Navidad 3: \"El \u00e1ngel de la calle Muntaner\"\" > Read more<\/a><\/p>\n","protected":false},"author":4,"featured_media":506,"comment_status":"open","ping_status":"open","sticky":false,"template":"","format":"standard","meta":[],"categories":[2,3],"tags":[9,23,42,75,156,158,222],"acf":[],"yoast_head":"<!-- This site is optimized with the Yoast SEO plugin v20.10 - https:\/\/yoast.com\/wordpress\/plugins\/seo\/ -->\n<title>Historias de Navidad 3: &quot;El \u00e1ngel de la calle Muntaner&quot; - Mens sana in corpore sano<\/title>\n<meta name=\"description\" content=\"Cuando entrabas en ese piso era como si los a\u00f1os hubieran vuelto atr\u00e1s y hubi\u00e9ramos retrocedido hasta los a\u00f1os 60: una cocina vieja y remendada.\" \/>\n<meta name=\"robots\" content=\"index, follow, max-snippet:-1, max-image-preview:large, max-video-preview:-1\" \/>\n<link rel=\"canonical\" href=\"https:\/\/diatradisson.com\/mens-sana-in-corpore-sano\/2014\/12\/31\/historias-de-navidad-3-el-angel-de-la-calle-muntaner\/\" \/>\n<meta property=\"og:locale\" content=\"es_ES\" \/>\n<meta property=\"og:type\" content=\"article\" \/>\n<meta property=\"og:title\" content=\"Historias de Navidad 3: &quot;El \u00e1ngel de la calle Muntaner&quot; - Mens sana in corpore sano\" \/>\n<meta property=\"og:description\" content=\"Cuando entrabas en ese piso era como si los a\u00f1os hubieran vuelto atr\u00e1s y hubi\u00e9ramos retrocedido hasta los a\u00f1os 60: una cocina vieja y remendada.\" \/>\n<meta property=\"og:url\" content=\"https:\/\/diatradisson.com\/mens-sana-in-corpore-sano\/2014\/12\/31\/historias-de-navidad-3-el-angel-de-la-calle-muntaner\/\" \/>\n<meta property=\"og:site_name\" content=\"Mens sana in corpore sano\" \/>\n<meta property=\"article:publisher\" content=\"https:\/\/www.facebook.com\/dietradisson\" \/>\n<meta property=\"article:published_time\" content=\"2014-12-31T12:57:50+00:00\" \/>\n<meta property=\"article:modified_time\" content=\"2016-05-02T08:40:34+00:00\" \/>\n<meta property=\"og:image\" content=\"https:\/\/diatradisson.com\/mens-sana-in-corpore-sano\/wp-content\/uploads\/sites\/4\/2014\/12\/shutterstock_285580538-e1452205963324.jpg\" \/>\n\t<meta property=\"og:image:width\" content=\"775\" \/>\n\t<meta property=\"og:image:height\" content=\"435\" \/>\n\t<meta property=\"og:image:type\" content=\"image\/jpeg\" \/>\n<meta name=\"author\" content=\"pati\" \/>\n<meta name=\"twitter:label1\" content=\"Escrito por\" \/>\n\t<meta name=\"twitter:data1\" content=\"pati\" \/>\n\t<meta name=\"twitter:label2\" content=\"Tiempo de lectura\" \/>\n\t<meta name=\"twitter:data2\" content=\"4 minutos\" \/>\n<script type=\"application\/ld+json\" class=\"yoast-schema-graph\">{\"@context\":\"https:\/\/schema.org\",\"@graph\":[{\"@type\":\"WebPage\",\"@id\":\"https:\/\/diatradisson.com\/mens-sana-in-corpore-sano\/2014\/12\/31\/historias-de-navidad-3-el-angel-de-la-calle-muntaner\/\",\"url\":\"https:\/\/diatradisson.com\/mens-sana-in-corpore-sano\/2014\/12\/31\/historias-de-navidad-3-el-angel-de-la-calle-muntaner\/\",\"name\":\"Historias de Navidad 3: \\\"El \u00e1ngel de la calle Muntaner\\\" - Mens sana in corpore sano\",\"isPartOf\":{\"@id\":\"https:\/\/diatradisson.com\/mens-sana-in-corpore-sano\/#website\"},\"datePublished\":\"2014-12-31T12:57:50+00:00\",\"dateModified\":\"2016-05-02T08:40:34+00:00\",\"author\":{\"@id\":\"https:\/\/diatradisson.com\/mens-sana-in-corpore-sano\/#\/schema\/person\/62ff7b89118c65c2eb81f79b7468375f\"},\"description\":\"Cuando entrabas en ese piso era como si los a\u00f1os hubieran vuelto atr\u00e1s y hubi\u00e9ramos retrocedido hasta los a\u00f1os 60: una cocina vieja y remendada.\",\"breadcrumb\":{\"@id\":\"https:\/\/diatradisson.com\/mens-sana-in-corpore-sano\/2014\/12\/31\/historias-de-navidad-3-el-angel-de-la-calle-muntaner\/#breadcrumb\"},\"inLanguage\":\"es\",\"potentialAction\":[{\"@type\":\"ReadAction\",\"target\":[\"https:\/\/diatradisson.com\/mens-sana-in-corpore-sano\/2014\/12\/31\/historias-de-navidad-3-el-angel-de-la-calle-muntaner\/\"]}]},{\"@type\":\"BreadcrumbList\",\"@id\":\"https:\/\/diatradisson.com\/mens-sana-in-corpore-sano\/2014\/12\/31\/historias-de-navidad-3-el-angel-de-la-calle-muntaner\/#breadcrumb\",\"itemListElement\":[{\"@type\":\"ListItem\",\"position\":1,\"name\":\"Portada\",\"item\":\"https:\/\/diatradisson.com\/mens-sana-in-corpore-sano\/\"},{\"@type\":\"ListItem\",\"position\":2,\"name\":\"Historias de Navidad 3: \u00abEl \u00e1ngel de la calle Muntaner\u00bb\"}]},{\"@type\":\"WebSite\",\"@id\":\"https:\/\/diatradisson.com\/mens-sana-in-corpore-sano\/#website\",\"url\":\"https:\/\/diatradisson.com\/mens-sana-in-corpore-sano\/\",\"name\":\"Mens sana in corpore sano\",\"description\":\"Un blog de Diet R\u00e1disson\",\"potentialAction\":[{\"@type\":\"SearchAction\",\"target\":{\"@type\":\"EntryPoint\",\"urlTemplate\":\"https:\/\/diatradisson.com\/mens-sana-in-corpore-sano\/?s={search_term_string}\"},\"query-input\":\"required name=search_term_string\"}],\"inLanguage\":\"es\"},{\"@type\":\"Person\",\"@id\":\"https:\/\/diatradisson.com\/mens-sana-in-corpore-sano\/#\/schema\/person\/62ff7b89118c65c2eb81f79b7468375f\",\"name\":\"pati\",\"image\":{\"@type\":\"ImageObject\",\"inLanguage\":\"es\",\"@id\":\"https:\/\/diatradisson.com\/mens-sana-in-corpore-sano\/#\/schema\/person\/image\/\",\"url\":\"https:\/\/secure.gravatar.com\/avatar\/6796d9f5f6dd8ef58dc8f2176e9ea3ce?s=96&d=identicon&r=g\",\"contentUrl\":\"https:\/\/secure.gravatar.com\/avatar\/6796d9f5f6dd8ef58dc8f2176e9ea3ce?s=96&d=identicon&r=g\",\"caption\":\"pati\"},\"url\":\"https:\/\/diatradisson.com\/mens-sana-in-corpore-sano\/author\/pati\/\"}]}<\/script>\n<!-- \/ Yoast SEO plugin. -->","yoast_head_json":{"title":"Historias de Navidad 3: \"El \u00e1ngel de la calle Muntaner\" - Mens sana in corpore sano","description":"Cuando entrabas en ese piso era como si los a\u00f1os hubieran vuelto atr\u00e1s y hubi\u00e9ramos retrocedido hasta los a\u00f1os 60: una cocina vieja y remendada.","robots":{"index":"index","follow":"follow","max-snippet":"max-snippet:-1","max-image-preview":"max-image-preview:large","max-video-preview":"max-video-preview:-1"},"canonical":"https:\/\/diatradisson.com\/mens-sana-in-corpore-sano\/2014\/12\/31\/historias-de-navidad-3-el-angel-de-la-calle-muntaner\/","og_locale":"es_ES","og_type":"article","og_title":"Historias de Navidad 3: \"El \u00e1ngel de la calle Muntaner\" - Mens sana in corpore sano","og_description":"Cuando entrabas en ese piso era como si los a\u00f1os hubieran vuelto atr\u00e1s y hubi\u00e9ramos retrocedido hasta los a\u00f1os 60: una cocina vieja y remendada.","og_url":"https:\/\/diatradisson.com\/mens-sana-in-corpore-sano\/2014\/12\/31\/historias-de-navidad-3-el-angel-de-la-calle-muntaner\/","og_site_name":"Mens sana in corpore sano","article_publisher":"https:\/\/www.facebook.com\/dietradisson","article_published_time":"2014-12-31T12:57:50+00:00","article_modified_time":"2016-05-02T08:40:34+00:00","og_image":[{"width":775,"height":435,"url":"https:\/\/diatradisson.com\/mens-sana-in-corpore-sano\/wp-content\/uploads\/sites\/4\/2014\/12\/shutterstock_285580538-e1452205963324.jpg","type":"image\/jpeg"}],"author":"pati","twitter_misc":{"Escrito por":"pati","Tiempo de lectura":"4 minutos"},"schema":{"@context":"https:\/\/schema.org","@graph":[{"@type":"WebPage","@id":"https:\/\/diatradisson.com\/mens-sana-in-corpore-sano\/2014\/12\/31\/historias-de-navidad-3-el-angel-de-la-calle-muntaner\/","url":"https:\/\/diatradisson.com\/mens-sana-in-corpore-sano\/2014\/12\/31\/historias-de-navidad-3-el-angel-de-la-calle-muntaner\/","name":"Historias de Navidad 3: \"El \u00e1ngel de la calle Muntaner\" - Mens sana in corpore sano","isPartOf":{"@id":"https:\/\/diatradisson.com\/mens-sana-in-corpore-sano\/#website"},"datePublished":"2014-12-31T12:57:50+00:00","dateModified":"2016-05-02T08:40:34+00:00","author":{"@id":"https:\/\/diatradisson.com\/mens-sana-in-corpore-sano\/#\/schema\/person\/62ff7b89118c65c2eb81f79b7468375f"},"description":"Cuando entrabas en ese piso era como si los a\u00f1os hubieran vuelto atr\u00e1s y hubi\u00e9ramos retrocedido hasta los a\u00f1os 60: una cocina vieja y remendada.","breadcrumb":{"@id":"https:\/\/diatradisson.com\/mens-sana-in-corpore-sano\/2014\/12\/31\/historias-de-navidad-3-el-angel-de-la-calle-muntaner\/#breadcrumb"},"inLanguage":"es","potentialAction":[{"@type":"ReadAction","target":["https:\/\/diatradisson.com\/mens-sana-in-corpore-sano\/2014\/12\/31\/historias-de-navidad-3-el-angel-de-la-calle-muntaner\/"]}]},{"@type":"BreadcrumbList","@id":"https:\/\/diatradisson.com\/mens-sana-in-corpore-sano\/2014\/12\/31\/historias-de-navidad-3-el-angel-de-la-calle-muntaner\/#breadcrumb","itemListElement":[{"@type":"ListItem","position":1,"name":"Portada","item":"https:\/\/diatradisson.com\/mens-sana-in-corpore-sano\/"},{"@type":"ListItem","position":2,"name":"Historias de Navidad 3: \u00abEl \u00e1ngel de la calle Muntaner\u00bb"}]},{"@type":"WebSite","@id":"https:\/\/diatradisson.com\/mens-sana-in-corpore-sano\/#website","url":"https:\/\/diatradisson.com\/mens-sana-in-corpore-sano\/","name":"Mens sana in corpore sano","description":"Un blog de Diet R\u00e1disson","potentialAction":[{"@type":"SearchAction","target":{"@type":"EntryPoint","urlTemplate":"https:\/\/diatradisson.com\/mens-sana-in-corpore-sano\/?s={search_term_string}"},"query-input":"required name=search_term_string"}],"inLanguage":"es"},{"@type":"Person","@id":"https:\/\/diatradisson.com\/mens-sana-in-corpore-sano\/#\/schema\/person\/62ff7b89118c65c2eb81f79b7468375f","name":"pati","image":{"@type":"ImageObject","inLanguage":"es","@id":"https:\/\/diatradisson.com\/mens-sana-in-corpore-sano\/#\/schema\/person\/image\/","url":"https:\/\/secure.gravatar.com\/avatar\/6796d9f5f6dd8ef58dc8f2176e9ea3ce?s=96&d=identicon&r=g","contentUrl":"https:\/\/secure.gravatar.com\/avatar\/6796d9f5f6dd8ef58dc8f2176e9ea3ce?s=96&d=identicon&r=g","caption":"pati"},"url":"https:\/\/diatradisson.com\/mens-sana-in-corpore-sano\/author\/pati\/"}]}},"_links":{"self":[{"href":"https:\/\/diatradisson.com\/mens-sana-in-corpore-sano\/wp-json\/wp\/v2\/posts\/377"}],"collection":[{"href":"https:\/\/diatradisson.com\/mens-sana-in-corpore-sano\/wp-json\/wp\/v2\/posts"}],"about":[{"href":"https:\/\/diatradisson.com\/mens-sana-in-corpore-sano\/wp-json\/wp\/v2\/types\/post"}],"author":[{"embeddable":true,"href":"https:\/\/diatradisson.com\/mens-sana-in-corpore-sano\/wp-json\/wp\/v2\/users\/4"}],"replies":[{"embeddable":true,"href":"https:\/\/diatradisson.com\/mens-sana-in-corpore-sano\/wp-json\/wp\/v2\/comments?post=377"}],"version-history":[{"count":2,"href":"https:\/\/diatradisson.com\/mens-sana-in-corpore-sano\/wp-json\/wp\/v2\/posts\/377\/revisions"}],"predecessor-version":[{"id":633,"href":"https:\/\/diatradisson.com\/mens-sana-in-corpore-sano\/wp-json\/wp\/v2\/posts\/377\/revisions\/633"}],"wp:featuredmedia":[{"embeddable":true,"href":"https:\/\/diatradisson.com\/mens-sana-in-corpore-sano\/wp-json\/wp\/v2\/media\/506"}],"wp:attachment":[{"href":"https:\/\/diatradisson.com\/mens-sana-in-corpore-sano\/wp-json\/wp\/v2\/media?parent=377"}],"wp:term":[{"taxonomy":"category","embeddable":true,"href":"https:\/\/diatradisson.com\/mens-sana-in-corpore-sano\/wp-json\/wp\/v2\/categories?post=377"},{"taxonomy":"post_tag","embeddable":true,"href":"https:\/\/diatradisson.com\/mens-sana-in-corpore-sano\/wp-json\/wp\/v2\/tags?post=377"}],"curies":[{"name":"wp","href":"https:\/\/api.w.org\/{rel}","templated":true}]}}