{"id":739,"date":"2017-01-30T11:19:23","date_gmt":"2017-01-30T10:19:23","guid":{"rendered":"https:\/\/diatradisson.com\/mens-sana-in-corpore-sano\/?p=739"},"modified":"2017-01-30T11:20:46","modified_gmt":"2017-01-30T10:20:46","slug":"que-edad-tienen-los-emoticonos","status":"publish","type":"post","link":"https:\/\/diatradisson.com\/mens-sana-in-corpore-sano\/2017\/01\/30\/que-edad-tienen-los-emoticonos\/","title":{"rendered":"\u00bfQue edad tienen los emoticonos?"},"content":{"rendered":"<p>Los <strong>emoticonos<\/strong> se han vuelto un elemento clave en nuestra comunicaci\u00f3n especialmente a trav\u00e9s de las redes sociales. Cada vez los usamos m\u00e1s frecuentemente, cada vez aumenta m\u00e1s su n\u00famero, y con ello tambi\u00e9n el nivel de complejidad de su significado. De hecho ya hay quien tiene conversaciones completas solo a base de emoticonos.<\/p>\n<p>Poni\u00e9ndome a investigar un poco sobre los <strong>emoticonos<\/strong> he descubierto que podr\u00edan tener casi \u00a0370 a\u00f1os. Parece que fue el poeta\u00a0<span id=\"ext-gen109\"><strong>Robert Herrick<\/strong> en 1648 el primero que lo utiliz\u00f3: si os fij\u00e1is despu\u00e9s de las palabras \u00absmiling yet\u00bb (en castellano \u00absonriendo\u00a0todav\u00eda\u00bb) aparece el emoticono de la sonrisa :). Hay quien lo atribuye a un error tipogr\u00e1fico pero a m\u00ed me parece demasiada casualidad que aparezca detr\u00e1s\u00a0de esa expresi\u00f3n , \u00bfno creeis?<\/span><\/p>\n<p><a href=\"https:\/\/diatradisson.com\/mens-sana-in-corpore-sano\/wp-content\/uploads\/sites\/4\/2017\/01\/emoticon-primer2.jpg\"><img decoding=\"async\" loading=\"lazy\" class=\"alignnone size-medium wp-image-746\" src=\"https:\/\/diatradisson.com\/mens-sana-in-corpore-sano\/wp-content\/uploads\/sites\/4\/2017\/01\/emoticon-primer2-300x174.jpg\" alt=\"emoticon-primer2\" width=\"300\" height=\"174\" srcset=\"https:\/\/diatradisson.com\/mens-sana-in-corpore-sano\/wp-content\/uploads\/sites\/4\/2017\/01\/emoticon-primer2-300x174.jpg 300w, https:\/\/diatradisson.com\/mens-sana-in-corpore-sano\/wp-content\/uploads\/sites\/4\/2017\/01\/emoticon-primer2.jpg 600w\" sizes=\"(max-width: 300px) 100vw, 300px\" \/><\/a><\/p>\n<p>La siguiente aparici\u00f3n de una sonrisa construida con signos, la encontramos en la transcripci\u00f3n de un discurso de <strong>Abraham Lincoln<\/strong> en \u00a0<em>The New York Times<\/em>, otra vez algunos dudan y lo atribuyen a error, pero el caso es que aparece despu\u00e9s de la palabra re\u00edr. \u00bfOtra coincidencia?<\/p>\n<p><a href=\"https:\/\/diatradisson.com\/mens-sana-in-corpore-sano\/wp-content\/uploads\/sites\/4\/2017\/01\/emoticon-480.jpg\"><img decoding=\"async\" loading=\"lazy\" class=\"alignnone size-medium wp-image-745\" src=\"https:\/\/diatradisson.com\/mens-sana-in-corpore-sano\/wp-content\/uploads\/sites\/4\/2017\/01\/emoticon-480-300x131.jpg\" alt=\"emoticon-480\" width=\"300\" height=\"131\" srcset=\"https:\/\/diatradisson.com\/mens-sana-in-corpore-sano\/wp-content\/uploads\/sites\/4\/2017\/01\/emoticon-480-300x131.jpg 300w, https:\/\/diatradisson.com\/mens-sana-in-corpore-sano\/wp-content\/uploads\/sites\/4\/2017\/01\/emoticon-480.jpg 480w\" sizes=\"(max-width: 300px) 100vw, 300px\" \/><\/a><\/p>\n<p>En\u00a01857, el <i>National Telegraphic Review and Operators Guide<\/i>\u00a0document\u00f3 el uso del n\u00famero 73 en <a title=\"C\u00f3digo morse\" href=\"https:\/\/es.wikipedia.org\/wiki\/C%C3%B3digo_morse\">C\u00f3digo morse<\/a> para expresar \u00abamor y besos\u00bb.<\/p>\n<p>Posteriormente en 1881 la revista americana\u00a0<i><a class=\"new\" title=\"Puck (revista) (a\u00fan no redactado)\" href=\"https:\/\/es.wikipedia.org\/w\/index.php?title=Puck_(revista)&amp;action=edit&amp;redlink=1\">Puck<\/a><\/i> public\u00f3 cuatro <strong>emoticonos tipogr\u00e1ficos:<\/strong><\/p>\n<p><a href=\"https:\/\/diatradisson.com\/mens-sana-in-corpore-sano\/wp-content\/uploads\/sites\/4\/2017\/01\/Emoticons_Puck_1881.png\"><img decoding=\"async\" loading=\"lazy\" class=\"alignnone size-medium wp-image-744\" src=\"https:\/\/diatradisson.com\/mens-sana-in-corpore-sano\/wp-content\/uploads\/sites\/4\/2017\/01\/Emoticons_Puck_1881-300x76.png\" alt=\"Emoticons_Puck_1881\" width=\"300\" height=\"76\" srcset=\"https:\/\/diatradisson.com\/mens-sana-in-corpore-sano\/wp-content\/uploads\/sites\/4\/2017\/01\/Emoticons_Puck_1881-300x76.png 300w, https:\/\/diatradisson.com\/mens-sana-in-corpore-sano\/wp-content\/uploads\/sites\/4\/2017\/01\/Emoticons_Puck_1881.png 434w\" sizes=\"(max-width: 300px) 100vw, 300px\" \/><\/a><\/p>\n<p>As\u00ed que quiz\u00e1s sea un poco pretencioso atribuirle a\u00a0\u00a0<strong>Scott Fahlman<\/strong>, de la Universidad Carnegie Mellon el t\u00edtulo de inventor del <strong>emoticono<\/strong>,\u00a0\u00a0pero s\u00ed fue el primero que lo introdujo en la comunicaci\u00f3n de ida y vuelta. El Dr.Fahlman sol\u00eda enviar mensajes a miembros de su universidad (alumnos y profesores) a trav\u00e9s de los diferentes medios que ten\u00eda en ese momento a su alcance. \u00a0En un momento dado y viendo que uno de sus mensajes en broma fue tomado como algo en serio se le ocurri\u00f3 aconsejado por un compa\u00f1ero, incorporar \u00a0la secuencia de caracteres\u00a0<strong>\ud83d\ude42<\/strong> .<\/p>\n<p><a href=\"https:\/\/diatradisson.com\/mens-sana-in-corpore-sano\/wp-content\/uploads\/sites\/4\/2017\/01\/Captura-de-pantalla-2017-01-23-a-las-13.31.48.png\"><img decoding=\"async\" loading=\"lazy\" class=\"size-medium wp-image-747 aligncenter\" src=\"https:\/\/diatradisson.com\/mens-sana-in-corpore-sano\/wp-content\/uploads\/sites\/4\/2017\/01\/Captura-de-pantalla-2017-01-23-a-las-13.31.48-300x127.png\" alt=\"Captura de pantalla 2017-01-23 a las 13.31.48\" width=\"300\" height=\"127\" srcset=\"https:\/\/diatradisson.com\/mens-sana-in-corpore-sano\/wp-content\/uploads\/sites\/4\/2017\/01\/Captura-de-pantalla-2017-01-23-a-las-13.31.48-300x127.png 300w, https:\/\/diatradisson.com\/mens-sana-in-corpore-sano\/wp-content\/uploads\/sites\/4\/2017\/01\/Captura-de-pantalla-2017-01-23-a-las-13.31.48.png 631w\" sizes=\"(max-width: 300px) 100vw, 300px\" \/><\/a><\/p>\n<p>A partir de all\u00ed se empez\u00f3 a extender su uso y se incorporaron nuevas secuencias:<\/p>\n<ul>\n<li><strong>\ud83d\ude41<\/strong>\u00a0 \u00a0 \u00a0 Para denotar que algo iba en serio (luego se transform\u00f3 en tristeza).<\/li>\n<li><strong>\ud83d\ude00<\/strong> \u00a0 \u00a0 Risas<\/li>\n<li><strong>\ud83d\ude1b<\/strong> \u00a0 \u00a0 Sacar la lengua \/ Broma<\/li>\n<li><strong>\ud83d\ude09<\/strong> \u00a0 \u00a0 \u00a0Gui\u00f1ar el ojo \/ Complicidad<\/li>\n<\/ul>\n<p>\u00bfY por qu\u00e9 se llaman <strong>emoticonos<\/strong>? Supongo que lo sab\u00e9is pero por si no: <em>emoticon<\/em> en ingl\u00e9s es la suma de emotion+icon, es decir, un icono que expresa emoci\u00f3n.<\/p>\n<p>Curiosea tu <em>Whatsapp<\/em> a ver qu\u00e9 emoticonos usas m\u00e1s y ver\u00e1s qu\u00e9 emociones transmites<\/p>\n<p>\ud83d\ude09<\/p>\n","protected":false},"excerpt":{"rendered":"<p>Los emoticonos se han vuelto un elemento clave en nuestra comunicaci\u00f3n especialmente a trav\u00e9s de las redes sociales. Cada vez los usamos m\u00e1s frecuentemente, cada vez aumenta m\u00e1s su n\u00famero, y con ello tambi\u00e9n el nivel de complejidad de su significado. De hecho ya hay quien tiene conversaciones completas solo a base de emoticonos. Poni\u00e9ndome&#8230; <a class=\"moretag\" href=\"https:\/\/diatradisson.com\/mens-sana-in-corpore-sano\/2017\/01\/30\/que-edad-tienen-los-emoticonos\/\" title=\"\u00bfQue edad tienen los emoticonos?\" > Read more<\/a><\/p>\n","protected":false},"author":10,"featured_media":754,"comment_status":"open","ping_status":"open","sticky":false,"template":"","format":"standard","meta":[],"categories":[1],"tags":[274],"acf":[],"yoast_head":"<!-- This site is optimized with the Yoast SEO plugin v20.10 - https:\/\/yoast.com\/wordpress\/plugins\/seo\/ -->\n<title>\u00bfQue edad tienen los emoticonos? - Mens sana in corpore sano<\/title>\n<meta name=\"description\" content=\"Scott Fahlman introdujo el uso de emoticonos all\u00e1 por los 80 del Siglo XX en mensajer\u00eda. Pero hay quienes dicen que su uso es mucho m\u00e1s antiguo...\" \/>\n<meta name=\"robots\" content=\"index, follow, max-snippet:-1, max-image-preview:large, max-video-preview:-1\" \/>\n<link rel=\"canonical\" href=\"https:\/\/diatradisson.com\/mens-sana-in-corpore-sano\/2017\/01\/30\/que-edad-tienen-los-emoticonos\/\" \/>\n<meta property=\"og:locale\" content=\"es_ES\" \/>\n<meta property=\"og:type\" content=\"article\" \/>\n<meta property=\"og:title\" content=\"\u00bfQue edad tienen los emoticonos? - Mens sana in corpore sano\" \/>\n<meta property=\"og:description\" content=\"Scott Fahlman introdujo el uso de emoticonos all\u00e1 por los 80 del Siglo XX en mensajer\u00eda. Pero hay quienes dicen que su uso es mucho m\u00e1s antiguo...\" \/>\n<meta property=\"og:url\" content=\"https:\/\/diatradisson.com\/mens-sana-in-corpore-sano\/2017\/01\/30\/que-edad-tienen-los-emoticonos\/\" \/>\n<meta property=\"og:site_name\" content=\"Mens sana in corpore sano\" \/>\n<meta property=\"article:publisher\" content=\"https:\/\/www.facebook.com\/dietradisson\" \/>\n<meta property=\"article:published_time\" content=\"2017-01-30T10:19:23+00:00\" \/>\n<meta property=\"article:modified_time\" content=\"2017-01-30T10:20:46+00:00\" \/>\n<meta property=\"og:image\" content=\"https:\/\/diatradisson.com\/mens-sana-in-corpore-sano\/wp-content\/uploads\/sites\/4\/2017\/01\/iStock-516214726.jpg\" \/>\n\t<meta property=\"og:image:width\" content=\"1254\" \/>\n\t<meta property=\"og:image:height\" content=\"836\" \/>\n\t<meta property=\"og:image:type\" content=\"image\/jpeg\" \/>\n<meta name=\"author\" content=\"patipeguero\" \/>\n<meta name=\"twitter:label1\" content=\"Escrito por\" \/>\n\t<meta name=\"twitter:data1\" content=\"patipeguero\" \/>\n\t<meta name=\"twitter:label2\" content=\"Tiempo de lectura\" \/>\n\t<meta name=\"twitter:data2\" content=\"2 minutos\" \/>\n<script type=\"application\/ld+json\" class=\"yoast-schema-graph\">{\"@context\":\"https:\/\/schema.org\",\"@graph\":[{\"@type\":\"WebPage\",\"@id\":\"https:\/\/diatradisson.com\/mens-sana-in-corpore-sano\/2017\/01\/30\/que-edad-tienen-los-emoticonos\/\",\"url\":\"https:\/\/diatradisson.com\/mens-sana-in-corpore-sano\/2017\/01\/30\/que-edad-tienen-los-emoticonos\/\",\"name\":\"\u00bfQue edad tienen los emoticonos? - Mens sana in corpore sano\",\"isPartOf\":{\"@id\":\"https:\/\/diatradisson.com\/mens-sana-in-corpore-sano\/#website\"},\"datePublished\":\"2017-01-30T10:19:23+00:00\",\"dateModified\":\"2017-01-30T10:20:46+00:00\",\"author\":{\"@id\":\"https:\/\/diatradisson.com\/mens-sana-in-corpore-sano\/#\/schema\/person\/9d164db848e467abd638608cc374ff51\"},\"description\":\"Scott Fahlman introdujo el uso de emoticonos all\u00e1 por los 80 del Siglo XX en mensajer\u00eda. Pero hay quienes dicen que su uso es mucho m\u00e1s antiguo...\",\"breadcrumb\":{\"@id\":\"https:\/\/diatradisson.com\/mens-sana-in-corpore-sano\/2017\/01\/30\/que-edad-tienen-los-emoticonos\/#breadcrumb\"},\"inLanguage\":\"es\",\"potentialAction\":[{\"@type\":\"ReadAction\",\"target\":[\"https:\/\/diatradisson.com\/mens-sana-in-corpore-sano\/2017\/01\/30\/que-edad-tienen-los-emoticonos\/\"]}]},{\"@type\":\"BreadcrumbList\",\"@id\":\"https:\/\/diatradisson.com\/mens-sana-in-corpore-sano\/2017\/01\/30\/que-edad-tienen-los-emoticonos\/#breadcrumb\",\"itemListElement\":[{\"@type\":\"ListItem\",\"position\":1,\"name\":\"Portada\",\"item\":\"https:\/\/diatradisson.com\/mens-sana-in-corpore-sano\/\"},{\"@type\":\"ListItem\",\"position\":2,\"name\":\"\u00bfQue edad tienen los emoticonos?\"}]},{\"@type\":\"WebSite\",\"@id\":\"https:\/\/diatradisson.com\/mens-sana-in-corpore-sano\/#website\",\"url\":\"https:\/\/diatradisson.com\/mens-sana-in-corpore-sano\/\",\"name\":\"Mens sana in corpore sano\",\"description\":\"Un blog de Diet R\u00e1disson\",\"potentialAction\":[{\"@type\":\"SearchAction\",\"target\":{\"@type\":\"EntryPoint\",\"urlTemplate\":\"https:\/\/diatradisson.com\/mens-sana-in-corpore-sano\/?s={search_term_string}\"},\"query-input\":\"required name=search_term_string\"}],\"inLanguage\":\"es\"},{\"@type\":\"Person\",\"@id\":\"https:\/\/diatradisson.com\/mens-sana-in-corpore-sano\/#\/schema\/person\/9d164db848e467abd638608cc374ff51\",\"name\":\"patipeguero\",\"image\":{\"@type\":\"ImageObject\",\"inLanguage\":\"es\",\"@id\":\"https:\/\/diatradisson.com\/mens-sana-in-corpore-sano\/#\/schema\/person\/image\/\",\"url\":\"https:\/\/secure.gravatar.com\/avatar\/85c61d0a9dd2e77df364123947abb85d?s=96&d=identicon&r=g\",\"contentUrl\":\"https:\/\/secure.gravatar.com\/avatar\/85c61d0a9dd2e77df364123947abb85d?s=96&d=identicon&r=g\",\"caption\":\"patipeguero\"},\"url\":\"https:\/\/diatradisson.com\/mens-sana-in-corpore-sano\/author\/patipeguero\/\"}]}<\/script>\n<!-- \/ Yoast SEO plugin. -->","yoast_head_json":{"title":"\u00bfQue edad tienen los emoticonos? - Mens sana in corpore sano","description":"Scott Fahlman introdujo el uso de emoticonos all\u00e1 por los 80 del Siglo XX en mensajer\u00eda. Pero hay quienes dicen que su uso es mucho m\u00e1s antiguo...","robots":{"index":"index","follow":"follow","max-snippet":"max-snippet:-1","max-image-preview":"max-image-preview:large","max-video-preview":"max-video-preview:-1"},"canonical":"https:\/\/diatradisson.com\/mens-sana-in-corpore-sano\/2017\/01\/30\/que-edad-tienen-los-emoticonos\/","og_locale":"es_ES","og_type":"article","og_title":"\u00bfQue edad tienen los emoticonos? - Mens sana in corpore sano","og_description":"Scott Fahlman introdujo el uso de emoticonos all\u00e1 por los 80 del Siglo XX en mensajer\u00eda. Pero hay quienes dicen que su uso es mucho m\u00e1s antiguo...","og_url":"https:\/\/diatradisson.com\/mens-sana-in-corpore-sano\/2017\/01\/30\/que-edad-tienen-los-emoticonos\/","og_site_name":"Mens sana in corpore sano","article_publisher":"https:\/\/www.facebook.com\/dietradisson","article_published_time":"2017-01-30T10:19:23+00:00","article_modified_time":"2017-01-30T10:20:46+00:00","og_image":[{"width":1254,"height":836,"url":"https:\/\/diatradisson.com\/mens-sana-in-corpore-sano\/wp-content\/uploads\/sites\/4\/2017\/01\/iStock-516214726.jpg","type":"image\/jpeg"}],"author":"patipeguero","twitter_misc":{"Escrito por":"patipeguero","Tiempo de lectura":"2 minutos"},"schema":{"@context":"https:\/\/schema.org","@graph":[{"@type":"WebPage","@id":"https:\/\/diatradisson.com\/mens-sana-in-corpore-sano\/2017\/01\/30\/que-edad-tienen-los-emoticonos\/","url":"https:\/\/diatradisson.com\/mens-sana-in-corpore-sano\/2017\/01\/30\/que-edad-tienen-los-emoticonos\/","name":"\u00bfQue edad tienen los emoticonos? - Mens sana in corpore sano","isPartOf":{"@id":"https:\/\/diatradisson.com\/mens-sana-in-corpore-sano\/#website"},"datePublished":"2017-01-30T10:19:23+00:00","dateModified":"2017-01-30T10:20:46+00:00","author":{"@id":"https:\/\/diatradisson.com\/mens-sana-in-corpore-sano\/#\/schema\/person\/9d164db848e467abd638608cc374ff51"},"description":"Scott Fahlman introdujo el uso de emoticonos all\u00e1 por los 80 del Siglo XX en mensajer\u00eda. Pero hay quienes dicen que su uso es mucho m\u00e1s antiguo...","breadcrumb":{"@id":"https:\/\/diatradisson.com\/mens-sana-in-corpore-sano\/2017\/01\/30\/que-edad-tienen-los-emoticonos\/#breadcrumb"},"inLanguage":"es","potentialAction":[{"@type":"ReadAction","target":["https:\/\/diatradisson.com\/mens-sana-in-corpore-sano\/2017\/01\/30\/que-edad-tienen-los-emoticonos\/"]}]},{"@type":"BreadcrumbList","@id":"https:\/\/diatradisson.com\/mens-sana-in-corpore-sano\/2017\/01\/30\/que-edad-tienen-los-emoticonos\/#breadcrumb","itemListElement":[{"@type":"ListItem","position":1,"name":"Portada","item":"https:\/\/diatradisson.com\/mens-sana-in-corpore-sano\/"},{"@type":"ListItem","position":2,"name":"\u00bfQue edad tienen los emoticonos?"}]},{"@type":"WebSite","@id":"https:\/\/diatradisson.com\/mens-sana-in-corpore-sano\/#website","url":"https:\/\/diatradisson.com\/mens-sana-in-corpore-sano\/","name":"Mens sana in corpore sano","description":"Un blog de Diet R\u00e1disson","potentialAction":[{"@type":"SearchAction","target":{"@type":"EntryPoint","urlTemplate":"https:\/\/diatradisson.com\/mens-sana-in-corpore-sano\/?s={search_term_string}"},"query-input":"required name=search_term_string"}],"inLanguage":"es"},{"@type":"Person","@id":"https:\/\/diatradisson.com\/mens-sana-in-corpore-sano\/#\/schema\/person\/9d164db848e467abd638608cc374ff51","name":"patipeguero","image":{"@type":"ImageObject","inLanguage":"es","@id":"https:\/\/diatradisson.com\/mens-sana-in-corpore-sano\/#\/schema\/person\/image\/","url":"https:\/\/secure.gravatar.com\/avatar\/85c61d0a9dd2e77df364123947abb85d?s=96&d=identicon&r=g","contentUrl":"https:\/\/secure.gravatar.com\/avatar\/85c61d0a9dd2e77df364123947abb85d?s=96&d=identicon&r=g","caption":"patipeguero"},"url":"https:\/\/diatradisson.com\/mens-sana-in-corpore-sano\/author\/patipeguero\/"}]}},"_links":{"self":[{"href":"https:\/\/diatradisson.com\/mens-sana-in-corpore-sano\/wp-json\/wp\/v2\/posts\/739"}],"collection":[{"href":"https:\/\/diatradisson.com\/mens-sana-in-corpore-sano\/wp-json\/wp\/v2\/posts"}],"about":[{"href":"https:\/\/diatradisson.com\/mens-sana-in-corpore-sano\/wp-json\/wp\/v2\/types\/post"}],"author":[{"embeddable":true,"href":"https:\/\/diatradisson.com\/mens-sana-in-corpore-sano\/wp-json\/wp\/v2\/users\/10"}],"replies":[{"embeddable":true,"href":"https:\/\/diatradisson.com\/mens-sana-in-corpore-sano\/wp-json\/wp\/v2\/comments?post=739"}],"version-history":[{"count":5,"href":"https:\/\/diatradisson.com\/mens-sana-in-corpore-sano\/wp-json\/wp\/v2\/posts\/739\/revisions"}],"predecessor-version":[{"id":755,"href":"https:\/\/diatradisson.com\/mens-sana-in-corpore-sano\/wp-json\/wp\/v2\/posts\/739\/revisions\/755"}],"wp:featuredmedia":[{"embeddable":true,"href":"https:\/\/diatradisson.com\/mens-sana-in-corpore-sano\/wp-json\/wp\/v2\/media\/754"}],"wp:attachment":[{"href":"https:\/\/diatradisson.com\/mens-sana-in-corpore-sano\/wp-json\/wp\/v2\/media?parent=739"}],"wp:term":[{"taxonomy":"category","embeddable":true,"href":"https:\/\/diatradisson.com\/mens-sana-in-corpore-sano\/wp-json\/wp\/v2\/categories?post=739"},{"taxonomy":"post_tag","embeddable":true,"href":"https:\/\/diatradisson.com\/mens-sana-in-corpore-sano\/wp-json\/wp\/v2\/tags?post=739"}],"curies":[{"name":"wp","href":"https:\/\/api.w.org\/{rel}","templated":true}]}}